{"id":9519,"date":"2025-05-07T11:27:14","date_gmt":"2025-05-07T09:27:14","guid":{"rendered":"https:\/\/www.micronatura.si\/?p=9519"},"modified":"2025-05-12T16:44:04","modified_gmt":"2025-05-12T14:44:04","slug":"em-festival-mozirski-gaj-2024-2","status":"publish","type":"post","link":"https:\/\/www.micronatura.si\/?p=9519","title":{"rendered":"2. EM festival &#8211; Mozirski gaj 2025"},"content":{"rendered":"\t\t<div data-elementor-type=\"wp-post\" data-elementor-id=\"9519\" class=\"elementor elementor-9519\">\n\t\t\t\t<div class=\"elementor-element elementor-element-5717f747 e-flex e-con-boxed e-con e-parent\" data-id=\"5717f747\" data-element_type=\"container\">\n\t\t\t\t\t<div class=\"e-con-inner\">\n\t\t<div class=\"elementor-element elementor-element-0470f51 e-flex e-con-boxed e-con e-child\" data-id=\"0470f51\" data-element_type=\"container\">\n\t\t\t\t\t<div class=\"e-con-inner\">\n\t\t\t\t<div class=\"elementor-element elementor-element-7dc13aa elementor-widget elementor-widget-text-editor\" data-id=\"7dc13aa\" data-element_type=\"widget\" data-widget_type=\"text-editor.default\">\n\t\t\t\t<div class=\"elementor-widget-container\">\n\t\t\t\t\t\t\t<h2>24. 5. 2025 ob 9 h<\/h2>\t\t\t\t\t\t<\/div>\n\t\t\t\t<\/div>\n\t\t\t\t\t<\/div>\n\t\t\t\t<\/div>\n\t\t\t\t<div class=\"elementor-element elementor-element-e97b37 elementor-widget elementor-widget-text-editor\" data-id=\"e97b37\" data-element_type=\"widget\" data-widget_type=\"text-editor.default\">\n\t\t\t\t<div class=\"elementor-widget-container\">\n\t\t\t\t\t\t\t<p style=\"text-align: center;\"><span style=\"text-align: center; color: #333333;\">Dragi ljubitelji narave in vrtnarjenja,<\/span><br style=\"color: #f9f9f9; text-align: center;\" \/><span style=\"text-align: center; color: #333333;\">\u017eelite pre\u017eiveti prijeten poletni dan v pre\u010dudovitem okolju, aktivno sodelovati na razli\u010dnih delavnicah, prisluhniti zanimivim predavanjem in sodelovati na okrogli mizi? Pridru\u017eite se nam na 2. EM festivalu!<\/span><\/p><p style=\"text-align: center;\">\u00a0<\/p><p><!-- \/wp:paragraph --><\/p>\t\t\t\t\t\t<\/div>\n\t\t\t\t<\/div>\n\t\t\t\t<div class=\"elementor-element elementor-element-a618351 elementor-widget elementor-widget-image\" data-id=\"a618351\" data-element_type=\"widget\" data-widget_type=\"image.default\">\n\t\t\t\t<div class=\"elementor-widget-container\">\n\t\t\t\t\t\t\t\t\t\t\t\t\t<img fetchpriority=\"high\" decoding=\"async\" width=\"512\" height=\"1024\" src=\"https:\/\/www.micronatura.si\/wp-content\/uploads\/2025\/05\/plakati-512x1024.png\" class=\"attachment-large size-large wp-image-9552\" alt=\"\" srcset=\"https:\/\/www.micronatura.si\/wp-content\/uploads\/2025\/05\/plakati-512x1024.png 512w, https:\/\/www.micronatura.si\/wp-content\/uploads\/2025\/05\/plakati-150x300.png 150w, https:\/\/www.micronatura.si\/wp-content\/uploads\/2025\/05\/plakati-768x1536.png 768w, https:\/\/www.micronatura.si\/wp-content\/uploads\/2025\/05\/plakati-1024x2048.png 1024w, https:\/\/www.micronatura.si\/wp-content\/uploads\/2025\/05\/plakati-600x1200.png 600w\" sizes=\"(max-width: 512px) 100vw, 512px\" \/>\t\t\t\t\t\t\t\t\t\t\t\t\t<\/div>\n\t\t\t\t<\/div>\n\t\t\t\t<div class=\"elementor-element elementor-element-8b3ba02 elementor-widget elementor-widget-text-editor\" data-id=\"8b3ba02\" data-element_type=\"widget\" data-widget_type=\"text-editor.default\">\n\t\t\t\t<div class=\"elementor-widget-container\">\n\t\t\t\t\t\t\t<p>Dragi ljubitelji narave in vrtnarjenja, \u017eelite pre\u017eiveti prijeten poletni dan v pre\u010dudovitem okolju, aktivno sodelovati na razli\u010dnih delavnicah, prisluhniti zanimivim predavanjem in sodelovati na okrogli mizi? Pridru\u017eite se nam na 2. EM festivalu!<\/p>\n<p>Festival bo potekal v \u010dudovitem Mozirskem gaju, parku cvetja, ki v tem letnem \u010dasu ponuja prekrasno kuliso in je idealen prostor za na\u0161e dru\u017eenje.<br \/>Pridite, da pre\u017eivimo ta prijeten dan skupaj, domov pa bomo odnesli nova znanja, izku\u0161nje in prijateljstva.Veselimo se va\u0161e prisotnosti in skupnega dru\u017eenja!<\/p>\n<p>Prijave na dogodek niso obvezne so pa zaradi la\u017eje organizacije za\u017eeljene. Prijavite se lahko preko na\u0161e spletne strani.\u00a0<\/p>\n<p>Vsa predavanja in delavnice so brezpla\u010dna za vse obiskovalce Mozirskega gaja! Vstopnice v park si obiskovalci priskrbijo sami.<\/p>\n<p>\u00a0<\/p>\n<p><!-- \/wp:paragraph --><\/p>\t\t\t\t\t\t<\/div>\n\t\t\t\t<\/div>\n\t\t\t\t<div class=\"elementor-element elementor-element-4001cf2 elementor-widget elementor-widget-heading\" data-id=\"4001cf2\" data-element_type=\"widget\" data-widget_type=\"heading.default\">\n\t\t\t\t<div class=\"elementor-widget-container\">\n\t\t\t<h2 class=\"elementor-heading-title elementor-size-default\">Predavanja:<\/h2>\t\t<\/div>\n\t\t\t\t<\/div>\n\t\t\t\t\t<\/div>\n\t\t\t\t<\/div>\n\t\t<div class=\"elementor-element elementor-element-26621d0 e-flex e-con-boxed e-con e-parent\" data-id=\"26621d0\" data-element_type=\"container\">\n\t\t\t\t\t<div class=\"e-con-inner\">\n\t\t<div class=\"elementor-element elementor-element-02c8125 e-con-full e-flex e-con e-child\" data-id=\"02c8125\" data-element_type=\"container\">\n\t\t\t\t<div class=\"elementor-element elementor-element-b64e42d elementor-widget elementor-widget-image\" data-id=\"b64e42d\" data-element_type=\"widget\" data-widget_type=\"image.default\">\n\t\t\t\t<div class=\"elementor-widget-container\">\n\t\t\t\t\t\t\t\t\t\t\t\t\t<img decoding=\"async\" width=\"593\" height=\"593\" src=\"https:\/\/www.micronatura.si\/wp-content\/uploads\/2025\/05\/profile_2.png\" class=\"attachment-large size-large wp-image-9554\" alt=\"\" srcset=\"https:\/\/www.micronatura.si\/wp-content\/uploads\/2025\/05\/profile_2.png 593w, https:\/\/www.micronatura.si\/wp-content\/uploads\/2025\/05\/profile_2-300x300.png 300w, https:\/\/www.micronatura.si\/wp-content\/uploads\/2025\/05\/profile_2-150x150.png 150w, https:\/\/www.micronatura.si\/wp-content\/uploads\/2025\/05\/profile_2-100x100.png 100w\" sizes=\"(max-width: 593px) 100vw, 593px\" \/>\t\t\t\t\t\t\t\t\t\t\t\t\t<\/div>\n\t\t\t\t<\/div>\n\t\t\t\t<\/div>\n\t\t<div class=\"elementor-element elementor-element-2dd1aa1 e-con-full e-flex e-con e-child\" data-id=\"2dd1aa1\" data-element_type=\"container\">\n\t\t\t\t<div class=\"elementor-element elementor-element-dbe99ca elementor-widget elementor-widget-text-editor\" data-id=\"dbe99ca\" data-element_type=\"widget\" data-widget_type=\"text-editor.default\">\n\t\t\t\t<div class=\"elementor-widget-container\">\n\t\t\t\t\t\t\t<h3>Vsestranskost EM pod mikroskopom<\/h3><h4>Klemen Bo\u017enik\u00a0<\/h4><p>Klemen Bo\u017enik je mikrobiolog, ki \u017ee ve\u010d kot 10 let raziskuje delovanje efektivnih mikroorganizmov (EM). Je eden na\u0161ih prvih sodelavcev in se res veselimo ponovnega dru\u017eenja. \u00a0Po prvem stiku z EM je bil zelo skepti\u010den, zato je hotel priti temu fenomenu do dna. Danes jih uporablja na razli\u010dnih podro\u010djih v vsakdanjem \u017eivljenju, \u010deprav najraje vidi, da jih sploh ne potrebuje \u2013 saj to pomeni, da je sistem v ravnovesju. V prostem \u010dasu \u010debelari, vrtnari in i\u0161\u010de povezave med naravnimi procesi in mikrobiolo\u0161kim znanjem. Na<br \/>poljuden na\u010din bo predstavil razliko med koristnimi mikroorganizmi, kot jih poznamo denimo v fermentiranih \u017eivilih (kot je kefir), ter EM-tehnologijo in zakaj lahko EM uspe\u0161no uporabimo na tako razli\u010dnih podro\u010djih.<\/p>\t\t\t\t\t\t<\/div>\n\t\t\t\t<\/div>\n\t\t\t\t<\/div>\n\t\t\t\t\t<\/div>\n\t\t\t\t<\/div>\n\t\t<div class=\"elementor-element elementor-element-84717a9 e-flex e-con-boxed e-con e-parent\" data-id=\"84717a9\" data-element_type=\"container\">\n\t\t\t\t\t<div class=\"e-con-inner\">\n\t\t<div class=\"elementor-element elementor-element-df69fea e-con-full e-flex e-con e-child\" data-id=\"df69fea\" data-element_type=\"container\">\n\t\t\t\t<div class=\"elementor-element elementor-element-1982728 elementor-widget elementor-widget-image\" data-id=\"1982728\" data-element_type=\"widget\" data-widget_type=\"image.default\">\n\t\t\t\t<div class=\"elementor-widget-container\">\n\t\t\t\t\t\t\t\t\t\t\t\t\t<img decoding=\"async\" width=\"556\" height=\"556\" src=\"https:\/\/www.micronatura.si\/wp-content\/uploads\/2025\/05\/suzana.png\" class=\"attachment-large size-large wp-image-9556\" alt=\"\" srcset=\"https:\/\/www.micronatura.si\/wp-content\/uploads\/2025\/05\/suzana.png 556w, https:\/\/www.micronatura.si\/wp-content\/uploads\/2025\/05\/suzana-300x300.png 300w, https:\/\/www.micronatura.si\/wp-content\/uploads\/2025\/05\/suzana-150x150.png 150w, https:\/\/www.micronatura.si\/wp-content\/uploads\/2025\/05\/suzana-100x100.png 100w\" sizes=\"(max-width: 556px) 100vw, 556px\" \/>\t\t\t\t\t\t\t\t\t\t\t\t\t<\/div>\n\t\t\t\t<\/div>\n\t\t\t\t<\/div>\n\t\t<div class=\"elementor-element elementor-element-3aa8d5f e-con-full e-flex e-con e-child\" data-id=\"3aa8d5f\" data-element_type=\"container\">\n\t\t\t\t<div class=\"elementor-element elementor-element-11e5f46 elementor-widget elementor-widget-text-editor\" data-id=\"11e5f46\" data-element_type=\"widget\" data-widget_type=\"text-editor.default\">\n\t\t\t\t<div class=\"elementor-widget-container\">\n\t\t\t\t\t\t\t<h3>Od prta do vrta z efektivnimi mikroorganizmi 2.0<\/h3><h4>Suzana Kranjec &#8211; Fermentiraj.si, Samooskrbni.net<\/h4><p>Spoznajte Suzano Kranjec \u2013 \u017eensko, ki je iz izziva ustvarila prilo\u017enost! Po diagnozi celiakije se je podala v svet fermentirane hrane in naravne regeneracije \u010drevesne flore ter danes s svojim znanjem kot avtorica knjige <i>\u017divljenje brez glutena<\/i> in soavtorica <i>Fermentiraj.si<\/i> navdihuje mnoge. Na predavanju boste izvedeli:Kako mikroorganizmi krepijo imunski sistemKako fermentirana hrana izbolj\u0161uje po\u010dutjeKako mikroorganizmi krepijo imunski sistemKako fermentirana hrana izbolj\u0161uje po\u010dutjeKako poskrbeti da bo na\u0161e stanovanje polno dobrih mikroorganizmov in da zato ni potrebno uni\u010devati patogenih organizmov, ampak naseliti dobre, ki bodo prevladovali in ustvarili zdravo okoljeKako mikroorganizmi potujejo iz kuhinje na vrt \u2013 in nazaj na na\u0161 kro\u017enik, kar nam omogo\u010da popolno samooskrbo in zdravo okolje za nas in na\u0161 vrt<\/p>\t\t\t\t\t\t<\/div>\n\t\t\t\t<\/div>\n\t\t\t\t<\/div>\n\t\t\t\t\t<\/div>\n\t\t\t\t<\/div>\n\t\t<div class=\"elementor-element elementor-element-bb58997 e-flex e-con-boxed e-con e-parent\" data-id=\"bb58997\" data-element_type=\"container\">\n\t\t\t\t\t<div class=\"e-con-inner\">\n\t\t<div class=\"elementor-element elementor-element-c58bf47 e-con-full e-flex e-con e-child\" data-id=\"c58bf47\" data-element_type=\"container\">\n\t\t\t\t<div class=\"elementor-element elementor-element-e6e8133 elementor-widget elementor-widget-image\" data-id=\"e6e8133\" data-element_type=\"widget\" data-widget_type=\"image.default\">\n\t\t\t\t<div class=\"elementor-widget-container\">\n\t\t\t\t\t\t\t\t\t\t\t\t\t<img loading=\"lazy\" decoding=\"async\" width=\"556\" height=\"556\" src=\"https:\/\/www.micronatura.si\/wp-content\/uploads\/2025\/05\/tanja.png\" class=\"attachment-large size-large wp-image-9557\" alt=\"\" srcset=\"https:\/\/www.micronatura.si\/wp-content\/uploads\/2025\/05\/tanja.png 556w, https:\/\/www.micronatura.si\/wp-content\/uploads\/2025\/05\/tanja-300x300.png 300w, https:\/\/www.micronatura.si\/wp-content\/uploads\/2025\/05\/tanja-150x150.png 150w, https:\/\/www.micronatura.si\/wp-content\/uploads\/2025\/05\/tanja-100x100.png 100w\" sizes=\"(max-width: 556px) 100vw, 556px\" \/>\t\t\t\t\t\t\t\t\t\t\t\t\t<\/div>\n\t\t\t\t<\/div>\n\t\t\t\t<\/div>\n\t\t<div class=\"elementor-element elementor-element-657808f e-con-full e-flex e-con e-child\" data-id=\"657808f\" data-element_type=\"container\">\n\t\t\t\t<div class=\"elementor-element elementor-element-09325fe elementor-widget elementor-widget-text-editor\" data-id=\"09325fe\" data-element_type=\"widget\" data-widget_type=\"text-editor.default\">\n\t\t\t\t<div class=\"elementor-widget-container\">\n\t\t\t\t\t\t\t<h3>Potencial konoplje za zdravje<\/h3><h4>doc. dr. Tanja Bagar<\/h4><p>doc. Dr. Tanja Bagar je doktorica biomedicine, ena vodilnih strokovnjakinj za medicinsko uporabo konoplje in predsednica Mednarodnega in\u0161tituta za kanabinoide (ICANNA). S svojim znanstvenim pristopom, predanostjo raziskovanju in izobra\u017eevanju je pomembno prispevala k razumevanju vpliva kanabinoidov na zdravje. Njeno delo ni ostalo neopa\u017eeno \u2013 bila je tudi nominirana za Slovenko leta.<\/p><p><span style=\"font-style: inherit; font-weight: inherit;\">Poleg konoplje jo zanimajo tudi druga pomembna podro\u010dja za prihodnost na\u0161ega planeta. Je zelo aktivna na podro\u010dju bioremediacije, trajnostnih re\u0161itev in iskanja naravnih poti za ohranjanje ravnovesja med \u010dlovekom in okoljem.<\/span><\/p>\t\t\t\t\t\t<\/div>\n\t\t\t\t<\/div>\n\t\t\t\t<\/div>\n\t\t\t\t\t<\/div>\n\t\t\t\t<\/div>\n\t\t<div class=\"elementor-element elementor-element-06db253 e-flex e-con-boxed e-con e-parent\" data-id=\"06db253\" data-element_type=\"container\">\n\t\t\t\t\t<div class=\"e-con-inner\">\n\t\t<div class=\"elementor-element elementor-element-6c0c87f e-con-full e-flex e-con e-child\" data-id=\"6c0c87f\" data-element_type=\"container\">\n\t\t\t\t<div class=\"elementor-element elementor-element-7ab9f62 elementor-widget elementor-widget-image\" data-id=\"7ab9f62\" data-element_type=\"widget\" data-widget_type=\"image.default\">\n\t\t\t\t<div class=\"elementor-widget-container\">\n\t\t\t\t\t\t\t\t\t\t\t\t\t<img loading=\"lazy\" decoding=\"async\" width=\"1024\" height=\"1024\" src=\"https:\/\/www.micronatura.si\/wp-content\/uploads\/2025\/05\/20230929_172125-scaled-e1747058738818-1024x1024.jpg\" class=\"attachment-large size-large wp-image-9558\" alt=\"\" srcset=\"https:\/\/www.micronatura.si\/wp-content\/uploads\/2025\/05\/20230929_172125-scaled-e1747058738818-1024x1024.jpg 1024w, https:\/\/www.micronatura.si\/wp-content\/uploads\/2025\/05\/20230929_172125-scaled-e1747058738818-300x300.jpg 300w, https:\/\/www.micronatura.si\/wp-content\/uploads\/2025\/05\/20230929_172125-scaled-e1747058738818-150x150.jpg 150w, https:\/\/www.micronatura.si\/wp-content\/uploads\/2025\/05\/20230929_172125-scaled-e1747058738818-768x768.jpg 768w, https:\/\/www.micronatura.si\/wp-content\/uploads\/2025\/05\/20230929_172125-scaled-e1747058738818-1536x1536.jpg 1536w, https:\/\/www.micronatura.si\/wp-content\/uploads\/2025\/05\/20230929_172125-scaled-e1747058738818-600x600.jpg 600w, https:\/\/www.micronatura.si\/wp-content\/uploads\/2025\/05\/20230929_172125-scaled-e1747058738818-100x100.jpg 100w, https:\/\/www.micronatura.si\/wp-content\/uploads\/2025\/05\/20230929_172125-scaled-e1747058738818.jpg 1920w\" sizes=\"(max-width: 1024px) 100vw, 1024px\" \/>\t\t\t\t\t\t\t\t\t\t\t\t\t<\/div>\n\t\t\t\t<\/div>\n\t\t\t\t<\/div>\n\t\t<div class=\"elementor-element elementor-element-f24c69c e-con-full e-flex e-con e-child\" data-id=\"f24c69c\" data-element_type=\"container\">\n\t\t\t\t<div class=\"elementor-element elementor-element-4f31cf8 elementor-widget elementor-widget-text-editor\" data-id=\"4f31cf8\" data-element_type=\"widget\" data-widget_type=\"text-editor.default\">\n\t\t\t\t<div class=\"elementor-widget-container\">\n\t\t\t\t\t\t\t<h3>Prakti\u010dni primeri samooskrbe za vsakogar<\/h3><h3><span style=\"font-size: 20px;\">red. prof. ddr Ana Vovk<\/span><\/h3><h3><span style=\"color: #7a7a7a;\"><span style=\"font-size: 16px;\">Ddr. Ana Vovk, redna profesorica na Univerzi v Mariboru, je mednarodno priznana strokovnjakinja za trajnostnost, permakulturo in celostno samooskrbo, ki temelji na geografskih zna\u010dilnostih pokrajin. Njeno raziskovalno delo vklju\u010duje ekosistemske re\u0161itve za podnebne spremembe, varstvo tal in vodnih virov. Kot vodja projektov v Mednarodnem centru za ekoremediacije razvija inovativne modele trajnostnega \u017eivljenja ter sodeluje z ob\u010dinami pri uvajanju naravnih na\u010dinov upravljanja prostora. Njene objave v znanstvenih revijah, knjige in medijski prispevki osvetljujejo pomen celostnih pristopov. Aktivno sodeluje pri izobra\u017eevalnih programih, vodi delavnice, konference in ekskurzije ter spodbuja \u0161tudente k raziskovanju samozadostnih \u017eivljenjskih modelov. Njena prizadevanja povezujejo akademsko znanje s prakso za bolj trajnostno prihodnost.<\/span><\/span><\/h3>\t\t\t\t\t\t<\/div>\n\t\t\t\t<\/div>\n\t\t\t\t<\/div>\n\t\t\t\t\t<\/div>\n\t\t\t\t<\/div>\n\t\t<div class=\"elementor-element elementor-element-4e637fc e-flex e-con-boxed e-con e-parent\" data-id=\"4e637fc\" data-element_type=\"container\">\n\t\t\t\t\t<div class=\"e-con-inner\">\n\t\t<div class=\"elementor-element elementor-element-4dba6bc e-con-full e-flex e-con e-child\" data-id=\"4dba6bc\" data-element_type=\"container\">\n\t\t\t\t<div class=\"elementor-element elementor-element-7b0cc2f elementor-widget elementor-widget-image\" data-id=\"7b0cc2f\" data-element_type=\"widget\" data-widget_type=\"image.default\">\n\t\t\t\t<div class=\"elementor-widget-container\">\n\t\t\t\t\t\t\t\t\t\t\t\t\t<img loading=\"lazy\" decoding=\"async\" width=\"327\" height=\"327\" src=\"https:\/\/www.micronatura.si\/wp-content\/uploads\/2025\/05\/Luka-e1747058863171.png\" class=\"attachment-large size-large wp-image-9559\" alt=\"\" srcset=\"https:\/\/www.micronatura.si\/wp-content\/uploads\/2025\/05\/Luka-e1747058863171.png 327w, https:\/\/www.micronatura.si\/wp-content\/uploads\/2025\/05\/Luka-e1747058863171-300x300.png 300w, https:\/\/www.micronatura.si\/wp-content\/uploads\/2025\/05\/Luka-e1747058863171-150x150.png 150w, https:\/\/www.micronatura.si\/wp-content\/uploads\/2025\/05\/Luka-e1747058863171-100x100.png 100w\" sizes=\"(max-width: 327px) 100vw, 327px\" \/>\t\t\t\t\t\t\t\t\t\t\t\t\t<\/div>\n\t\t\t\t<\/div>\n\t\t\t\t<\/div>\n\t\t<div class=\"elementor-element elementor-element-1b559e5 e-con-full e-flex e-con e-child\" data-id=\"1b559e5\" data-element_type=\"container\">\n\t\t\t\t<div class=\"elementor-element elementor-element-5779046 elementor-widget elementor-widget-text-editor\" data-id=\"5779046\" data-element_type=\"widget\" data-widget_type=\"text-editor.default\">\n\t\t\t\t<div class=\"elementor-widget-container\">\n\t\t\t\t\t\t\t<h3>Predlogi uporabe EM na doma\u010dem vrtu<\/h3><h3><span style=\"font-size: 20px;\">Luka Kompare<\/span><\/h3><h3><span style=\"color: #7a7a7a;\"><span style=\"font-size: 16px;\">Luka se je z EM sre\u010dal \u017ee v \u0161tudentskih letih, rekel si je &#8220;to bom pa jaz enkrat delal&#8221; tako so ga navdu\u0161ili. Danes je strokovnjak za uporabo EM in direktor Micronature d.o.o. Na predavanju boste izvedeli, kako lahko naravne re\u0161itve izbolj\u0161ajo \u017eivljenje na vrtu in v va\u0161em domu. Spoznali boste, kako EM delujejo, kako jih uporabljati za bolj\u0161o rodovitnost tal, naravno za\u0161\u010dito rastlin, kompostiranje ter tudi za \u010di\u0161\u010denje in izbolj\u0161anje kakovosti zraka v bivalnih prostorih. Predavanje bo prakti\u010dno usmerjeno in polno nasvetov za vsakodnevno uporabo.<\/span><\/span><\/h3>\t\t\t\t\t\t<\/div>\n\t\t\t\t<\/div>\n\t\t\t\t<\/div>\n\t\t\t\t\t<\/div>\n\t\t\t\t<\/div>\n\t\t<div class=\"elementor-element elementor-element-40b18b4 e-flex e-con-boxed e-con e-parent\" data-id=\"40b18b4\" data-element_type=\"container\">\n\t\t\t\t\t<div class=\"e-con-inner\">\n\t\t<div class=\"elementor-element elementor-element-228533a e-con-full e-flex e-con e-child\" data-id=\"228533a\" data-element_type=\"container\">\n\t\t\t\t<div class=\"elementor-element elementor-element-8ebdedd elementor-widget elementor-widget-image\" data-id=\"8ebdedd\" data-element_type=\"widget\" data-widget_type=\"image.default\">\n\t\t\t\t<div class=\"elementor-widget-container\">\n\t\t\t\t\t\t\t\t\t\t\t\t\t<img loading=\"lazy\" decoding=\"async\" width=\"556\" height=\"556\" src=\"https:\/\/www.micronatura.si\/wp-content\/uploads\/2025\/05\/jernej.png\" class=\"attachment-large size-large wp-image-9555\" alt=\"\" srcset=\"https:\/\/www.micronatura.si\/wp-content\/uploads\/2025\/05\/jernej.png 556w, https:\/\/www.micronatura.si\/wp-content\/uploads\/2025\/05\/jernej-300x300.png 300w, https:\/\/www.micronatura.si\/wp-content\/uploads\/2025\/05\/jernej-150x150.png 150w, https:\/\/www.micronatura.si\/wp-content\/uploads\/2025\/05\/jernej-100x100.png 100w\" sizes=\"(max-width: 556px) 100vw, 556px\" \/>\t\t\t\t\t\t\t\t\t\t\t\t\t<\/div>\n\t\t\t\t<\/div>\n\t\t\t\t<\/div>\n\t\t<div class=\"elementor-element elementor-element-bf5e142 e-con-full e-flex e-con e-child\" data-id=\"bf5e142\" data-element_type=\"container\">\n\t\t\t\t<div class=\"elementor-element elementor-element-fe9d539 elementor-widget elementor-widget-text-editor\" data-id=\"fe9d539\" data-element_type=\"widget\" data-widget_type=\"text-editor.default\">\n\t\t\t\t<div class=\"elementor-widget-container\">\n\t\t\t\t\t\t\t<h3>Zdrav paradi\u017enik na doma\u010dem vrtu<\/h3><h3><span style=\"font-size: 20px;\">Jernej Mazej<\/span><\/h3><h3><span style=\"color: #7a7a7a;\"><span style=\"font-size: 16px;\">Jernej Mazej, vodja Kmetije Mazej v vasi Gne\u010d pri Mozirju, je priznani strokovnjak za vzgojo paradi\u017enikov in drugih vrtnin. Na svoji kmetiji goji ve\u010d kot 240 sort paradi\u017enikov, vklju\u010dno z eksoti\u010dnimi vrstami, kot so tomatili in fizalisi, ter \u0161tevilne druge vrtnine in zeli\u0161\u010da, med njimi tudi razli\u010dne okuse bazilik. Znan je tudi po svojih predavanjih in delavnicah, kjer izobra\u017euje o vrtnarjenju, naravnih metodah za pove\u010danje odpornosti rastlin in prepoznavanju rastlinskih bolezni, svoje bogato znanje pa redno deli v medijih in na razli\u010dnih dogodkih.<\/span><\/span><\/h3>\t\t\t\t\t\t<\/div>\n\t\t\t\t<\/div>\n\t\t\t\t<\/div>\n\t\t\t\t\t<\/div>\n\t\t\t\t<\/div>\n\t\t<div class=\"elementor-element elementor-element-052d24c e-flex e-con-boxed e-con e-parent\" data-id=\"052d24c\" data-element_type=\"container\">\n\t\t\t\t\t<div class=\"e-con-inner\">\n\t\t<div class=\"elementor-element elementor-element-9231683 e-con-full e-flex e-con e-child\" data-id=\"9231683\" data-element_type=\"container\">\n\t\t\t\t<div class=\"elementor-element elementor-element-b7c2274 elementor-widget elementor-widget-image\" data-id=\"b7c2274\" data-element_type=\"widget\" data-widget_type=\"image.default\">\n\t\t\t\t<div class=\"elementor-widget-container\">\n\t\t\t\t\t\t\t\t\t\t\t\t\t<img loading=\"lazy\" decoding=\"async\" width=\"408\" height=\"408\" src=\"https:\/\/www.micronatura.si\/wp-content\/uploads\/2025\/05\/Matjaz-e1747059203502.png\" class=\"attachment-large size-large wp-image-9560\" alt=\"\" srcset=\"https:\/\/www.micronatura.si\/wp-content\/uploads\/2025\/05\/Matjaz-e1747059203502.png 408w, https:\/\/www.micronatura.si\/wp-content\/uploads\/2025\/05\/Matjaz-e1747059203502-300x300.png 300w, https:\/\/www.micronatura.si\/wp-content\/uploads\/2025\/05\/Matjaz-e1747059203502-150x150.png 150w, https:\/\/www.micronatura.si\/wp-content\/uploads\/2025\/05\/Matjaz-e1747059203502-100x100.png 100w\" sizes=\"(max-width: 408px) 100vw, 408px\" \/>\t\t\t\t\t\t\t\t\t\t\t\t\t<\/div>\n\t\t\t\t<\/div>\n\t\t\t\t<\/div>\n\t\t<div class=\"elementor-element elementor-element-98f28ad e-con-full e-flex e-con e-child\" data-id=\"98f28ad\" data-element_type=\"container\">\n\t\t\t\t<div class=\"elementor-element elementor-element-9cbe0b6 elementor-widget elementor-widget-text-editor\" data-id=\"9cbe0b6\" data-element_type=\"widget\" data-widget_type=\"text-editor.default\">\n\t\t\t\t<div class=\"elementor-widget-container\">\n\t\t\t\t\t\t\t<h3>Od vrta do prta z EM<\/h3><h3><span style=\"font-size: 20px;\">Matja\u017e Zupan\u010di\u010d<\/span><\/h3><h3><span style=\"color: #7a7a7a;\"><span style=\"font-size: 16px;\">Matja\u017e Zupan\u010di\u010d je z nami \u017ee od za\u010detka in je prava zakladnica znanja o uporabi efektivnih mikroorganizmov EM, ki jih uporablja pri vrtnarjenju, kompostiranju, urejanju vodnih teles, osve\u017eevanju doma in \u0161e marsikje. Poznate ga morda iz oddaje Kmetija, a njegovo delo sega dale\u010d preko tega \u2013 pi\u0161e za vrtnarske revije, predava in vodi delavnice. Na EM festivalu bo predstavil vrtnarjenje z EM, njihovo vlogo pri zdravju tal in rastlin ter podal konkretne nasvete, kako graditi dobro zemljo brez \u0161kodljivega prekomernega obdelovanja.<\/span><\/span><\/h3>\t\t\t\t\t\t<\/div>\n\t\t\t\t<\/div>\n\t\t\t\t<\/div>\n\t\t\t\t\t<\/div>\n\t\t\t\t<\/div>\n\t\t<div class=\"elementor-element elementor-element-ff9956a e-flex e-con-boxed e-con e-parent\" data-id=\"ff9956a\" data-element_type=\"container\">\n\t\t\t\t\t<div class=\"e-con-inner\">\n\t\t<div class=\"elementor-element elementor-element-6e6e720 e-con-full e-flex e-con e-child\" data-id=\"6e6e720\" data-element_type=\"container\">\n\t\t\t\t<div class=\"elementor-element elementor-element-d830f29 elementor-widget elementor-widget-image\" data-id=\"d830f29\" data-element_type=\"widget\" data-widget_type=\"image.default\">\n\t\t\t\t<div class=\"elementor-widget-container\">\n\t\t\t\t\t\t\t\t\t\t\t\t\t<img loading=\"lazy\" decoding=\"async\" width=\"768\" height=\"1024\" src=\"https:\/\/www.micronatura.si\/wp-content\/uploads\/2024\/07\/IMG_20240629_165304_1-768x1024.jpg\" class=\"attachment-large size-large wp-image-8852\" alt=\"\" srcset=\"https:\/\/www.micronatura.si\/wp-content\/uploads\/2024\/07\/IMG_20240629_165304_1-768x1024.jpg 768w, https:\/\/www.micronatura.si\/wp-content\/uploads\/2024\/07\/IMG_20240629_165304_1-225x300.jpg 225w, https:\/\/www.micronatura.si\/wp-content\/uploads\/2024\/07\/IMG_20240629_165304_1-1152x1536.jpg 1152w, https:\/\/www.micronatura.si\/wp-content\/uploads\/2024\/07\/IMG_20240629_165304_1-1536x2048.jpg 1536w, https:\/\/www.micronatura.si\/wp-content\/uploads\/2024\/07\/IMG_20240629_165304_1-600x800.jpg 600w, https:\/\/www.micronatura.si\/wp-content\/uploads\/2024\/07\/IMG_20240629_165304_1-scaled.jpg 1920w\" sizes=\"(max-width: 768px) 100vw, 768px\" \/>\t\t\t\t\t\t\t\t\t\t\t\t\t<\/div>\n\t\t\t\t<\/div>\n\t\t\t\t<\/div>\n\t\t<div class=\"elementor-element elementor-element-4055913 e-con-full e-flex e-con e-child\" data-id=\"4055913\" data-element_type=\"container\">\n\t\t\t\t<div class=\"elementor-element elementor-element-9f9d768 elementor-widget elementor-widget-text-editor\" data-id=\"9f9d768\" data-element_type=\"widget\" data-widget_type=\"text-editor.default\">\n\t\t\t\t<div class=\"elementor-widget-container\">\n\t\t\t\t\t\t\t<h4>Delavnice, ki jih no\u010dete zamuditi! \ud83c\udf3f\u00a0<\/h4><p>Lani smo se nau\u010dili, da si res nih\u010de no\u010de izbirati med zanimivimi predavanji in prakti\u010dnimi delavnicami. Zato smo letos program prilagodili \u2013 med predavanji vas namre\u010d \u010daka dalj\u0161a pavza!\u00a0<\/p><p>\u2728 V tem \u010dasu boste lahko:\u00a0<\/p><p>\ud83d\udc50 sodelovali na delavnicah,\u00a0<\/p><p>\ud83d\udecd\ufe0f pokukali na mini tr\u017enico,\u00a0<\/p><p>\u2615 si privo\u0161\u010dili kavico in klepet.\u00a0<\/p><p>Pripravljamo dva sklopa enakih delavnic, da res vsi ujamete svojo prilo\u017enost za ustvarjanje.<\/p><p>Vsak sklop: <b>aktivacija EM-1, izdelava EM Bokashi in izdelava EM Bokashi kep<\/b><\/p>\t\t\t\t\t\t<\/div>\n\t\t\t\t<\/div>\n\t\t\t\t<\/div>\n\t\t\t\t\t<\/div>\n\t\t\t\t<\/div>\n\t\t<div class=\"elementor-element elementor-element-31e9737 e-flex e-con-boxed e-con e-parent\" data-id=\"31e9737\" data-element_type=\"container\">\n\t\t\t\t\t<div class=\"e-con-inner\">\n\t\t<div class=\"elementor-element elementor-element-7003937 e-con-full e-flex e-con e-child\" data-id=\"7003937\" data-element_type=\"container\">\n\t\t\t\t<div class=\"elementor-element elementor-element-9e8537b elementor-widget elementor-widget-image\" data-id=\"9e8537b\" data-element_type=\"widget\" data-widget_type=\"image.default\">\n\t\t\t\t<div class=\"elementor-widget-container\">\n\t\t\t\t\t\t\t\t\t\t\t\t\t<img loading=\"lazy\" decoding=\"async\" width=\"1024\" height=\"766\" src=\"https:\/\/www.micronatura.si\/wp-content\/uploads\/2024\/07\/viber_image_2024-06-29_18-08-05-381-1024x766.jpg\" class=\"attachment-large size-large wp-image-8896\" alt=\"\" srcset=\"https:\/\/www.micronatura.si\/wp-content\/uploads\/2024\/07\/viber_image_2024-06-29_18-08-05-381-1024x766.jpg 1024w, https:\/\/www.micronatura.si\/wp-content\/uploads\/2024\/07\/viber_image_2024-06-29_18-08-05-381-300x225.jpg 300w, https:\/\/www.micronatura.si\/wp-content\/uploads\/2024\/07\/viber_image_2024-06-29_18-08-05-381-768x575.jpg 768w, https:\/\/www.micronatura.si\/wp-content\/uploads\/2024\/07\/viber_image_2024-06-29_18-08-05-381-1536x1149.jpg 1536w, https:\/\/www.micronatura.si\/wp-content\/uploads\/2024\/07\/viber_image_2024-06-29_18-08-05-381-600x449.jpg 600w, https:\/\/www.micronatura.si\/wp-content\/uploads\/2024\/07\/viber_image_2024-06-29_18-08-05-381.jpg 1800w\" sizes=\"(max-width: 1024px) 100vw, 1024px\" \/>\t\t\t\t\t\t\t\t\t\t\t\t\t<\/div>\n\t\t\t\t<\/div>\n\t\t\t\t<\/div>\n\t\t<div class=\"elementor-element elementor-element-94a77af e-con-full e-flex e-con e-child\" data-id=\"94a77af\" data-element_type=\"container\">\n\t\t\t\t<div class=\"elementor-element elementor-element-4ee2668 elementor-widget elementor-widget-text-editor\" data-id=\"4ee2668\" data-element_type=\"widget\" data-widget_type=\"text-editor.default\">\n\t\t\t\t<div class=\"elementor-widget-container\">\n\t\t\t\t\t\t\t<p><b>Mini tr\u017enica\u00a0<\/b>kjer se bomo predstavili mi in nekateri od na\u0161ih partnerjev.<\/p><p>Micronatura d.o.o. (na voljo bodo tudi knjige na\u0161ih predavateljev)<\/p><p>Kmetija Mazej &#8211; sadike<\/p><p>Kmetija Zorko &#8211; miskantus zastirka<\/p><p>Samooskrbni.net &#8211; promocija dru\u0161tva<\/p>\t\t\t\t\t\t<\/div>\n\t\t\t\t<\/div>\n\t\t\t\t<\/div>\n\t\t\t\t\t<\/div>\n\t\t\t\t<\/div>\n\t\t<div class=\"elementor-element elementor-element-f03e71e e-flex e-con-boxed e-con e-parent\" data-id=\"f03e71e\" data-element_type=\"container\">\n\t\t\t\t\t<div class=\"e-con-inner\">\n\t\t<div class=\"elementor-element elementor-element-d82b82c e-flex e-con-boxed e-con e-child\" data-id=\"d82b82c\" data-element_type=\"container\">\n\t\t\t\t\t<div class=\"e-con-inner\">\n\t\t\t\t<div class=\"elementor-element elementor-element-865b293 elementor-widget__width-initial elementor-widget elementor-widget-text-editor\" data-id=\"865b293\" data-element_type=\"widget\" data-widget_type=\"text-editor.default\">\n\t\t\t\t<div class=\"elementor-widget-container\">\n\t\t\t\t\t\t\t<h3 style=\"text-align: left;\">Prijava na dogodek<\/h3><p style=\"text-align: left;\"><span style=\"color: #333333;\">Prijave niso obvezne, so pa za\u017eeljene za la\u017ejo izvedbo organizacije dogodka.<\/span><\/p>\t\t\t\t\t\t<\/div>\n\t\t\t\t<\/div>\n\t\t\t\t<div class=\"elementor-element elementor-element-d6631d2 elementor-widget__width-initial elementor-widget elementor-widget-shortcode\" data-id=\"d6631d2\" data-element_type=\"widget\" data-widget_type=\"shortcode.default\">\n\t\t\t\t<div class=\"elementor-widget-container\">\n\t\t\t\t\t<div class=\"elementor-shortcode\"><div class=\"wpforms-container \" id=\"wpforms-8722\"><form id=\"wpforms-form-8722\" class=\"wpforms-validate wpforms-form wpforms-ajax-form\" data-formid=\"8722\" method=\"post\" enctype=\"multipart\/form-data\" action=\"\/index.php?rest_route=%2Fwp%2Fv2%2Fposts%2F9519\" data-token=\"2d8869a2edd9584e2d997d8a575ba7ae\" data-token-time=\"1777463438\"><noscript class=\"wpforms-error-noscript\">Please enable JavaScript in your browser to complete this form.<\/noscript><div class=\"wpforms-field-container\"><div id=\"wpforms-8722-field_1-container\" class=\"wpforms-field wpforms-field-name\" data-field-id=\"1\"><label class=\"wpforms-field-label\" for=\"wpforms-8722-field_1\">Ime in priimek <span class=\"wpforms-required-label\">*<\/span><\/label><div class=\"wpforms-field-row wpforms-field-medium\"><div class=\"wpforms-field-row-block wpforms-first wpforms-one-half\"><input type=\"text\" id=\"wpforms-8722-field_1\" class=\"wpforms-field-name-first wpforms-field-required\" name=\"wpforms[fields][1][first]\" required><label for=\"wpforms-8722-field_1\" class=\"wpforms-field-sublabel after\">First<\/label><\/div><div class=\"wpforms-field-row-block wpforms-one-half\"><input type=\"text\" id=\"wpforms-8722-field_1-last\" class=\"wpforms-field-name-last wpforms-field-required\" name=\"wpforms[fields][1][last]\" required><label for=\"wpforms-8722-field_1-last\" class=\"wpforms-field-sublabel after\">Last<\/label><\/div><\/div><\/div><div id=\"wpforms-8722-field_8-container\" class=\"wpforms-field wpforms-field-email\" data-field-id=\"8\"><label class=\"wpforms-field-label\" for=\"wpforms-8722-field_8\">Email <span class=\"wpforms-required-label\">*<\/span><\/label><input type=\"email\" id=\"wpforms-8722-field_8\" class=\"wpforms-field-medium wpforms-field-required\" name=\"wpforms[fields][8]\" spellcheck=\"false\" required><\/div><div id=\"wpforms-8722-field_6-container\" class=\"wpforms-field wpforms-field-select wpforms-field-select-style-modern\" data-field-id=\"6\"><label class=\"wpforms-field-label\" for=\"wpforms-8722-field_6\">Za koliko dodatnih oseb bi \u017eeleli narediti prijavo?<\/label><select id=\"wpforms-8722-field_6\" class=\"wpforms-field-small choicesjs-select\" data-size-class=\"wpforms-field-row wpforms-field-small\" data-search-enabled=\"1\" name=\"wpforms[fields][6]\"><option value=\"\" class=\"placeholder\" disabled  selected='selected'>Pridem sam\/a<\/option><option value=\"Pridem sam\/a\" >Pridem sam\/a<\/option><option value=\"+1\" >+1<\/option><option value=\"+2\" >+2<\/option><option value=\"+3\" >+3<\/option><option value=\"+4\" >+4<\/option><option value=\"+5\" >+5<\/option><option value=\"+6\" >+6<\/option><option value=\"+7\" >+7<\/option><option value=\"+8\" >+8<\/option><option value=\"+9\" >+9<\/option><option value=\"+10\" >+10<\/option><\/select><\/div><div id=\"wpforms-8722-field_7-container\" class=\"wpforms-field wpforms-field-textarea\" data-field-id=\"7\"><label class=\"wpforms-field-label\" for=\"wpforms-8722-field_7\">Opombe<\/label><textarea id=\"wpforms-8722-field_7\" class=\"wpforms-field-small\" name=\"wpforms[fields][7]\" ><\/textarea><\/div><\/div><!-- .wpforms-field-container --><div class=\"wpforms-submit-container\" ><input type=\"hidden\" name=\"wpforms[id]\" value=\"8722\"><input type=\"hidden\" name=\"page_title\" value=\"\"><input type=\"hidden\" name=\"page_url\" value=\"https:\/\/www.micronatura.si\/index.php?rest_route=%2Fwp%2Fv2%2Fposts%2F9519\"><button type=\"submit\" name=\"wpforms[submit]\" id=\"wpforms-submit-8722\" class=\"wpforms-submit\" data-alt-text=\"Po\u0161iljam prijavo...\" data-submit-text=\"Prijavi\" aria-live=\"assertive\" value=\"wpforms-submit\">Prijavi<\/button><img loading=\"lazy\" decoding=\"async\" src=\"https:\/\/www.micronatura.si\/wp-content\/plugins\/wpforms-lite\/assets\/images\/submit-spin.svg\" class=\"wpforms-submit-spinner\" style=\"display: none;\" width=\"26\" height=\"26\" alt=\"Loading\"><\/div><\/form><\/div>  <!-- .wpforms-container --><\/div>\n\t\t\t\t<\/div>\n\t\t\t\t<\/div>\n\t\t\t\t\t<\/div>\n\t\t\t\t<\/div>\n\t\t\t\t\t<\/div>\n\t\t\t\t<\/div>\n\t\t<div class=\"elementor-element elementor-element-b297391 e-flex e-con-boxed e-con e-parent\" data-id=\"b297391\" data-element_type=\"container\">\n\t\t\t\t\t<div class=\"e-con-inner\">\n\t\t\t\t\t<\/div>\n\t\t\t\t<\/div>\n\t\t\t\t<\/div>\n\t\t","protected":false},"excerpt":{"rendered":"<p>24. 5. 2025 ob 9 h Dragi ljubitelji narave in vrtnarjenja,\u017eelite pre\u017eiveti prijeten poletni dan v pre\u010dudovitem okolju, aktivno sodelovati na razli\u010dnih delavnicah, prisluhniti zanimivim predavanjem in sodelovati na okrogli mizi? Pridru\u017eite se nam na 2. EM festivalu! \u00a0 Dragi ljubitelji narave in vrtnarjenja, \u017eelite pre\u017eiveti prijeten poletni dan v pre\u010dudovitem okolju, aktivno sodelovati na [&hellip;]<\/p>\n","protected":false},"author":1,"featured_media":9523,"comment_status":"open","ping_status":"open","sticky":false,"template":"","format":"standard","meta":{"site-sidebar-layout":"default","site-content-layout":"","ast-site-content-layout":"default","site-content-style":"default","site-sidebar-style":"default","ast-global-header-display":"","ast-banner-title-visibility":"","ast-main-header-display":"","ast-hfb-above-header-display":"","ast-hfb-below-header-display":"","ast-hfb-mobile-header-display":"","site-post-title":"","ast-breadcrumbs-content":"","ast-featured-img":"","footer-sml-layout":"","theme-transparent-header-meta":"","adv-header-id-meta":"","stick-header-meta":"","header-above-stick-meta":"","header-main-stick-meta":"","header-below-stick-meta":"","astra-migrate-meta-layouts":"set","ast-page-background-enabled":"default","ast-page-background-meta":{"desktop":{"background-color":"","background-image":"","background-repeat":"repeat","background-position":"center center","background-size":"auto","background-attachment":"scroll","background-type":"","background-media":"","overlay-type":"","overlay-color":"","overlay-gradient":""},"tablet":{"background-color":"","background-image":"","background-repeat":"repeat","background-position":"center center","background-size":"auto","background-attachment":"scroll","background-type":"","background-media":"","overlay-type":"","overlay-color":"","overlay-gradient":""},"mobile":{"background-color":"","background-image":"","background-repeat":"repeat","background-position":"center center","background-size":"auto","background-attachment":"scroll","background-type":"","background-media":"","overlay-type":"","overlay-color":"","overlay-gradient":""}},"ast-content-background-meta":{"desktop":{"background-color":"var(--ast-global-color-5)","background-image":"","background-repeat":"repeat","background-position":"center center","background-size":"auto","background-attachment":"scroll","background-type":"","background-media":"","overlay-type":"","overlay-color":"","overlay-gradient":""},"tablet":{"background-color":"var(--ast-global-color-5)","background-image":"","background-repeat":"repeat","background-position":"center center","background-size":"auto","background-attachment":"scroll","background-type":"","background-media":"","overlay-type":"","overlay-color":"","overlay-gradient":""},"mobile":{"background-color":"var(--ast-global-color-5)","background-image":"","background-repeat":"repeat","background-position":"center center","background-size":"auto","background-attachment":"scroll","background-type":"","background-media":"","overlay-type":"","overlay-color":"","overlay-gradient":""}},"footnotes":""},"categories":[76,80],"tags":[],"aioseo_notices":[],"_links":{"self":[{"href":"https:\/\/www.micronatura.si\/index.php?rest_route=\/wp\/v2\/posts\/9519"}],"collection":[{"href":"https:\/\/www.micronatura.si\/index.php?rest_route=\/wp\/v2\/posts"}],"about":[{"href":"https:\/\/www.micronatura.si\/index.php?rest_route=\/wp\/v2\/types\/post"}],"author":[{"embeddable":true,"href":"https:\/\/www.micronatura.si\/index.php?rest_route=\/wp\/v2\/users\/1"}],"replies":[{"embeddable":true,"href":"https:\/\/www.micronatura.si\/index.php?rest_route=%2Fwp%2Fv2%2Fcomments&post=9519"}],"version-history":[{"count":31,"href":"https:\/\/www.micronatura.si\/index.php?rest_route=\/wp\/v2\/posts\/9519\/revisions"}],"predecessor-version":[{"id":9577,"href":"https:\/\/www.micronatura.si\/index.php?rest_route=\/wp\/v2\/posts\/9519\/revisions\/9577"}],"wp:featuredmedia":[{"embeddable":true,"href":"https:\/\/www.micronatura.si\/index.php?rest_route=\/wp\/v2\/media\/9523"}],"wp:attachment":[{"href":"https:\/\/www.micronatura.si\/index.php?rest_route=%2Fwp%2Fv2%2Fmedia&parent=9519"}],"wp:term":[{"taxonomy":"category","embeddable":true,"href":"https:\/\/www.micronatura.si\/index.php?rest_route=%2Fwp%2Fv2%2Fcategories&post=9519"},{"taxonomy":"post_tag","embeddable":true,"href":"https:\/\/www.micronatura.si\/index.php?rest_route=%2Fwp%2Fv2%2Ftags&post=9519"}],"curies":[{"name":"wp","href":"https:\/\/api.w.org\/{rel}","templated":true}]}}